{"id":208,"date":"2024-04-23T15:21:25","date_gmt":"2024-04-23T13:21:25","guid":{"rendered":"https:\/\/fatahungary.hu\/2024\/04\/23\/the-next-gen-cross-border-project-has-started\/"},"modified":"2024-04-25T11:48:46","modified_gmt":"2024-04-25T09:48:46","slug":"the-next-gen-cross-border-project-has-started","status":"publish","type":"post","link":"https:\/\/fatahungary.hu\/en\/2024\/04\/23\/the-next-gen-cross-border-project-has-started\/","title":{"rendered":"The Next GEn cross-border project has started"},"content":{"rendered":"\n<p>On April 1, 2024, the Next GEn project (ATHU-0100024) was launched within the framework of the Interreg VI-A Austria-Hungary program, in which the Wood Science Foundation (FATA) also participates effectively as a project partner.<\/p>\n\n\n\n<p>Wind energy, photovoltaic energy (solar energy) and biomass energy are increasingly used as renewable energy sources in the Austrian-Hungarian border region. In accordance with the expansion goals set for renewable energy, this trend will strengthen even further in the future. <\/p>\n\n\n\n<p>However, the sector already has to face an extremely serious problem in the Austrian- Hungarian border region, namely, the lack of skilled workforce for the expansion, installation, and maintenance of renewable energy sources. <\/p>\n\n\n\n<p>The goal of the Next GEn project is to mitigate labour shortages in the medium and long<br>term with the help of a multilayered innovative career orientation model, targeting the 10-<br>15-year-old age group who are about to choose a career.<\/p>\n\n\n\n<p>During the 30 months of the project, diverse, effective program elements help to shape attitudes and career orientation. The development of concepts and knowledge materials based on secondary and primary research results (surveys, interviews) and workshops are carried out, among other things. Concepts related to renewable energy sources are tested at several levels; in addition, mentor training, teacher workshops and cross-border competitions for students help to achieve the goals of the Next GEn project. <\/p>\n\n\n\n<p>Thanks to the many years of research experience of Wood Science Foundation, we are mainly responsible for the implementation of the secondary and primary research project elements on the Hungarian side, and in addition, we will be an active player in the other program elements in cooperation with the project partners with our career orientation- specific, environmental and energy awareness-raising event organization practice.<\/p>\n\n\n\n<div style=\"height:20px\" aria-hidden=\"true\" class=\"wp-block-spacer\"><\/div>\n\n\n\n<p><strong>Project partners<\/strong><br><span style=\"text-decoration: underline;\">Leading project partner:<\/span><br>BFI Burgenland Vocational Training Institute<\/p>\n\n\n\n<p><span style=\"text-decoration: underline;\">Project partners:<\/span><br>Vas County Government Office<br>Sekem Energy GmbH<br>Wood Science Foundation<\/p>\n\n\n\n<p><strong>Strategic partners<\/strong><br>Bildungsdirektion f\u00fcr Burgenland<br>Burgenland Energie AG<br>Berufsf\u00f6rderungsinstitut Wien<br>S\u00e1rv\u00e1ri Tanker\u00fcleti K\u00f6zpont<br>Szombathelyi Tanker\u00fcleti K\u00f6zpont<br>bit schulungscenter GmbH<br>Bildungsdirektion f\u00fcr Steiermark<br>FAGOSZ \u2013 Fagazdas\u00e1gi Orsz\u00e1gos Szakmai Sz\u00f6vets\u00e9g<br>SolarTech-Investment Kft.<\/p>\n","protected":false},"excerpt":{"rendered":"<p>On April 1, 2024, the Next GEn project (ATHU-0100024) was launched within&#8230;<\/p>\n","protected":false},"author":1,"featured_media":201,"comment_status":"closed","ping_status":"open","sticky":false,"template":"","format":"standard","meta":{"inline_featured_image":false,"footnotes":""},"categories":[7],"tags":[],"class_list":["post-208","post","type-post","status-publish","format-standard","has-post-thumbnail","hentry","category-uncategorized"],"yoast_head":"<!-- This site is optimized with the Yoast SEO plugin v24.7 - https:\/\/yoast.com\/wordpress\/plugins\/seo\/ -->\n<title>The Next GEn cross-border project has started - Faipari Tudom\u00e1nyos Alap\u00edtv\u00e1ny<\/title>\n<meta name=\"robots\" content=\"index, follow, max-snippet:-1, max-image-preview:large, max-video-preview:-1\" \/>\n<link rel=\"canonical\" href=\"https:\/\/fatahungary.hu\/en\/2024\/04\/23\/the-next-gen-cross-border-project-has-started\/\" \/>\n<meta property=\"og:locale\" content=\"en_US\" \/>\n<meta property=\"og:type\" content=\"article\" \/>\n<meta property=\"og:title\" content=\"The Next GEn cross-border project has started - Faipari Tudom\u00e1nyos Alap\u00edtv\u00e1ny\" \/>\n<meta property=\"og:description\" content=\"On April 1, 2024, the Next GEn project (ATHU-0100024) was launched within...\" \/>\n<meta property=\"og:url\" content=\"https:\/\/fatahungary.hu\/en\/2024\/04\/23\/the-next-gen-cross-border-project-has-started\/\" \/>\n<meta property=\"og:site_name\" content=\"Faipari Tudom\u00e1nyos Alap\u00edtv\u00e1ny\" \/>\n<meta property=\"article:published_time\" content=\"2024-04-23T13:21:25+00:00\" \/>\n<meta property=\"article:modified_time\" content=\"2024-04-25T09:48:46+00:00\" \/>\n<meta property=\"og:image\" content=\"https:\/\/fatahungary.hu\/wp-content\/uploads\/2024\/04\/fata_facebook_poszt_1200x1200_uresen-1.jpg\" \/>\n\t<meta property=\"og:image:width\" content=\"2500\" \/>\n\t<meta property=\"og:image:height\" content=\"2500\" \/>\n\t<meta property=\"og:image:type\" content=\"image\/jpeg\" \/>\n<meta name=\"author\" content=\"fata\" \/>\n<meta name=\"twitter:card\" content=\"summary_large_image\" \/>\n<meta name=\"twitter:label1\" content=\"Written by\" \/>\n\t<meta name=\"twitter:data1\" content=\"fata\" \/>\n\t<meta name=\"twitter:label2\" content=\"Est. reading time\" \/>\n\t<meta name=\"twitter:data2\" content=\"2 minutes\" \/>\n<script type=\"application\/ld+json\" class=\"yoast-schema-graph\">{\"@context\":\"https:\/\/schema.org\",\"@graph\":[{\"@type\":\"Article\",\"@id\":\"https:\/\/fatahungary.hu\/en\/2024\/04\/23\/the-next-gen-cross-border-project-has-started\/#article\",\"isPartOf\":{\"@id\":\"https:\/\/fatahungary.hu\/en\/2024\/04\/23\/the-next-gen-cross-border-project-has-started\/\"},\"author\":{\"name\":\"fata\",\"@id\":\"https:\/\/fatahungary.hu\/#\/schema\/person\/64385f82897d7e589b91eb96a64ca903\"},\"headline\":\"The Next GEn cross-border project has started\",\"datePublished\":\"2024-04-23T13:21:25+00:00\",\"dateModified\":\"2024-04-25T09:48:46+00:00\",\"mainEntityOfPage\":{\"@id\":\"https:\/\/fatahungary.hu\/en\/2024\/04\/23\/the-next-gen-cross-border-project-has-started\/\"},\"wordCount\":342,\"publisher\":{\"@id\":\"https:\/\/fatahungary.hu\/#organization\"},\"image\":{\"@id\":\"https:\/\/fatahungary.hu\/en\/2024\/04\/23\/the-next-gen-cross-border-project-has-started\/#primaryimage\"},\"thumbnailUrl\":\"https:\/\/fatahungary.hu\/wp-content\/uploads\/2024\/04\/fata_facebook_poszt_1200x1200_uresen-1.jpg\",\"inLanguage\":\"en-US\"},{\"@type\":\"WebPage\",\"@id\":\"https:\/\/fatahungary.hu\/en\/2024\/04\/23\/the-next-gen-cross-border-project-has-started\/\",\"url\":\"https:\/\/fatahungary.hu\/en\/2024\/04\/23\/the-next-gen-cross-border-project-has-started\/\",\"name\":\"The Next GEn cross-border project has started - Faipari Tudom\u00e1nyos Alap\u00edtv\u00e1ny\",\"isPartOf\":{\"@id\":\"https:\/\/fatahungary.hu\/#website\"},\"primaryImageOfPage\":{\"@id\":\"https:\/\/fatahungary.hu\/en\/2024\/04\/23\/the-next-gen-cross-border-project-has-started\/#primaryimage\"},\"image\":{\"@id\":\"https:\/\/fatahungary.hu\/en\/2024\/04\/23\/the-next-gen-cross-border-project-has-started\/#primaryimage\"},\"thumbnailUrl\":\"https:\/\/fatahungary.hu\/wp-content\/uploads\/2024\/04\/fata_facebook_poszt_1200x1200_uresen-1.jpg\",\"datePublished\":\"2024-04-23T13:21:25+00:00\",\"dateModified\":\"2024-04-25T09:48:46+00:00\",\"breadcrumb\":{\"@id\":\"https:\/\/fatahungary.hu\/en\/2024\/04\/23\/the-next-gen-cross-border-project-has-started\/#breadcrumb\"},\"inLanguage\":\"en-US\",\"potentialAction\":[{\"@type\":\"ReadAction\",\"target\":[\"https:\/\/fatahungary.hu\/en\/2024\/04\/23\/the-next-gen-cross-border-project-has-started\/\"]}]},{\"@type\":\"ImageObject\",\"inLanguage\":\"en-US\",\"@id\":\"https:\/\/fatahungary.hu\/en\/2024\/04\/23\/the-next-gen-cross-border-project-has-started\/#primaryimage\",\"url\":\"https:\/\/fatahungary.hu\/wp-content\/uploads\/2024\/04\/fata_facebook_poszt_1200x1200_uresen-1.jpg\",\"contentUrl\":\"https:\/\/fatahungary.hu\/wp-content\/uploads\/2024\/04\/fata_facebook_poszt_1200x1200_uresen-1.jpg\",\"width\":2500,\"height\":2500},{\"@type\":\"BreadcrumbList\",\"@id\":\"https:\/\/fatahungary.hu\/en\/2024\/04\/23\/the-next-gen-cross-border-project-has-started\/#breadcrumb\",\"itemListElement\":[{\"@type\":\"ListItem\",\"position\":1,\"name\":\"Kezd\u0151lap\",\"item\":\"https:\/\/fatahungary.hu\/en\/\"},{\"@type\":\"ListItem\",\"position\":2,\"name\":\"The Next GEn cross-border project has started\"}]},{\"@type\":\"WebSite\",\"@id\":\"https:\/\/fatahungary.hu\/#website\",\"url\":\"https:\/\/fatahungary.hu\/\",\"name\":\"Faipari Tudom\u00e1nyos Alap\u00edtv\u00e1ny\",\"description\":\"\",\"publisher\":{\"@id\":\"https:\/\/fatahungary.hu\/#organization\"},\"alternateName\":\"FATA\",\"potentialAction\":[{\"@type\":\"SearchAction\",\"target\":{\"@type\":\"EntryPoint\",\"urlTemplate\":\"https:\/\/fatahungary.hu\/?s={search_term_string}\"},\"query-input\":{\"@type\":\"PropertyValueSpecification\",\"valueRequired\":true,\"valueName\":\"search_term_string\"}}],\"inLanguage\":\"en-US\"},{\"@type\":\"Organization\",\"@id\":\"https:\/\/fatahungary.hu\/#organization\",\"name\":\"Faipari Tudom\u00e1nyos Alap\u00edtv\u00e1ny\",\"alternateName\":\"FATA\",\"url\":\"https:\/\/fatahungary.hu\/\",\"logo\":{\"@type\":\"ImageObject\",\"inLanguage\":\"en-US\",\"@id\":\"https:\/\/fatahungary.hu\/#\/schema\/logo\/image\/\",\"url\":\"https:\/\/fatahungary.hu\/wp-content\/uploads\/2023\/02\/fata_logo_color-1.svg\",\"contentUrl\":\"https:\/\/fatahungary.hu\/wp-content\/uploads\/2023\/02\/fata_logo_color-1.svg\",\"caption\":\"Faipari Tudom\u00e1nyos Alap\u00edtv\u00e1ny\"},\"image\":{\"@id\":\"https:\/\/fatahungary.hu\/#\/schema\/logo\/image\/\"}},{\"@type\":\"Person\",\"@id\":\"https:\/\/fatahungary.hu\/#\/schema\/person\/64385f82897d7e589b91eb96a64ca903\",\"name\":\"fata\",\"image\":{\"@type\":\"ImageObject\",\"inLanguage\":\"en-US\",\"@id\":\"https:\/\/fatahungary.hu\/#\/schema\/person\/image\/\",\"url\":\"https:\/\/secure.gravatar.com\/avatar\/afd8ff081e23b0174940396500207663504fff1836132f57cdedbb878ae28946?s=96&d=mm&r=g\",\"contentUrl\":\"https:\/\/secure.gravatar.com\/avatar\/afd8ff081e23b0174940396500207663504fff1836132f57cdedbb878ae28946?s=96&d=mm&r=g\",\"caption\":\"fata\"},\"sameAs\":[\"https:\/\/fatahungary.hu\"],\"url\":\"https:\/\/fatahungary.hu\/en\/author\/fata\/\"}]}<\/script>\n<!-- \/ Yoast SEO plugin. -->","yoast_head_json":{"title":"The Next GEn cross-border project has started - Faipari Tudom\u00e1nyos Alap\u00edtv\u00e1ny","robots":{"index":"index","follow":"follow","max-snippet":"max-snippet:-1","max-image-preview":"max-image-preview:large","max-video-preview":"max-video-preview:-1"},"canonical":"https:\/\/fatahungary.hu\/en\/2024\/04\/23\/the-next-gen-cross-border-project-has-started\/","og_locale":"en_US","og_type":"article","og_title":"The Next GEn cross-border project has started - Faipari Tudom\u00e1nyos Alap\u00edtv\u00e1ny","og_description":"On April 1, 2024, the Next GEn project (ATHU-0100024) was launched within...","og_url":"https:\/\/fatahungary.hu\/en\/2024\/04\/23\/the-next-gen-cross-border-project-has-started\/","og_site_name":"Faipari Tudom\u00e1nyos Alap\u00edtv\u00e1ny","article_published_time":"2024-04-23T13:21:25+00:00","article_modified_time":"2024-04-25T09:48:46+00:00","og_image":[{"width":2500,"height":2500,"url":"https:\/\/fatahungary.hu\/wp-content\/uploads\/2024\/04\/fata_facebook_poszt_1200x1200_uresen-1.jpg","type":"image\/jpeg"}],"author":"fata","twitter_card":"summary_large_image","twitter_misc":{"Written by":"fata","Est. reading time":"2 minutes"},"schema":{"@context":"https:\/\/schema.org","@graph":[{"@type":"Article","@id":"https:\/\/fatahungary.hu\/en\/2024\/04\/23\/the-next-gen-cross-border-project-has-started\/#article","isPartOf":{"@id":"https:\/\/fatahungary.hu\/en\/2024\/04\/23\/the-next-gen-cross-border-project-has-started\/"},"author":{"name":"fata","@id":"https:\/\/fatahungary.hu\/#\/schema\/person\/64385f82897d7e589b91eb96a64ca903"},"headline":"The Next GEn cross-border project has started","datePublished":"2024-04-23T13:21:25+00:00","dateModified":"2024-04-25T09:48:46+00:00","mainEntityOfPage":{"@id":"https:\/\/fatahungary.hu\/en\/2024\/04\/23\/the-next-gen-cross-border-project-has-started\/"},"wordCount":342,"publisher":{"@id":"https:\/\/fatahungary.hu\/#organization"},"image":{"@id":"https:\/\/fatahungary.hu\/en\/2024\/04\/23\/the-next-gen-cross-border-project-has-started\/#primaryimage"},"thumbnailUrl":"https:\/\/fatahungary.hu\/wp-content\/uploads\/2024\/04\/fata_facebook_poszt_1200x1200_uresen-1.jpg","inLanguage":"en-US"},{"@type":"WebPage","@id":"https:\/\/fatahungary.hu\/en\/2024\/04\/23\/the-next-gen-cross-border-project-has-started\/","url":"https:\/\/fatahungary.hu\/en\/2024\/04\/23\/the-next-gen-cross-border-project-has-started\/","name":"The Next GEn cross-border project has started - Faipari Tudom\u00e1nyos Alap\u00edtv\u00e1ny","isPartOf":{"@id":"https:\/\/fatahungary.hu\/#website"},"primaryImageOfPage":{"@id":"https:\/\/fatahungary.hu\/en\/2024\/04\/23\/the-next-gen-cross-border-project-has-started\/#primaryimage"},"image":{"@id":"https:\/\/fatahungary.hu\/en\/2024\/04\/23\/the-next-gen-cross-border-project-has-started\/#primaryimage"},"thumbnailUrl":"https:\/\/fatahungary.hu\/wp-content\/uploads\/2024\/04\/fata_facebook_poszt_1200x1200_uresen-1.jpg","datePublished":"2024-04-23T13:21:25+00:00","dateModified":"2024-04-25T09:48:46+00:00","breadcrumb":{"@id":"https:\/\/fatahungary.hu\/en\/2024\/04\/23\/the-next-gen-cross-border-project-has-started\/#breadcrumb"},"inLanguage":"en-US","potentialAction":[{"@type":"ReadAction","target":["https:\/\/fatahungary.hu\/en\/2024\/04\/23\/the-next-gen-cross-border-project-has-started\/"]}]},{"@type":"ImageObject","inLanguage":"en-US","@id":"https:\/\/fatahungary.hu\/en\/2024\/04\/23\/the-next-gen-cross-border-project-has-started\/#primaryimage","url":"https:\/\/fatahungary.hu\/wp-content\/uploads\/2024\/04\/fata_facebook_poszt_1200x1200_uresen-1.jpg","contentUrl":"https:\/\/fatahungary.hu\/wp-content\/uploads\/2024\/04\/fata_facebook_poszt_1200x1200_uresen-1.jpg","width":2500,"height":2500},{"@type":"BreadcrumbList","@id":"https:\/\/fatahungary.hu\/en\/2024\/04\/23\/the-next-gen-cross-border-project-has-started\/#breadcrumb","itemListElement":[{"@type":"ListItem","position":1,"name":"Kezd\u0151lap","item":"https:\/\/fatahungary.hu\/en\/"},{"@type":"ListItem","position":2,"name":"The Next GEn cross-border project has started"}]},{"@type":"WebSite","@id":"https:\/\/fatahungary.hu\/#website","url":"https:\/\/fatahungary.hu\/","name":"Faipari Tudom\u00e1nyos Alap\u00edtv\u00e1ny","description":"","publisher":{"@id":"https:\/\/fatahungary.hu\/#organization"},"alternateName":"FATA","potentialAction":[{"@type":"SearchAction","target":{"@type":"EntryPoint","urlTemplate":"https:\/\/fatahungary.hu\/?s={search_term_string}"},"query-input":{"@type":"PropertyValueSpecification","valueRequired":true,"valueName":"search_term_string"}}],"inLanguage":"en-US"},{"@type":"Organization","@id":"https:\/\/fatahungary.hu\/#organization","name":"Faipari Tudom\u00e1nyos Alap\u00edtv\u00e1ny","alternateName":"FATA","url":"https:\/\/fatahungary.hu\/","logo":{"@type":"ImageObject","inLanguage":"en-US","@id":"https:\/\/fatahungary.hu\/#\/schema\/logo\/image\/","url":"https:\/\/fatahungary.hu\/wp-content\/uploads\/2023\/02\/fata_logo_color-1.svg","contentUrl":"https:\/\/fatahungary.hu\/wp-content\/uploads\/2023\/02\/fata_logo_color-1.svg","caption":"Faipari Tudom\u00e1nyos Alap\u00edtv\u00e1ny"},"image":{"@id":"https:\/\/fatahungary.hu\/#\/schema\/logo\/image\/"}},{"@type":"Person","@id":"https:\/\/fatahungary.hu\/#\/schema\/person\/64385f82897d7e589b91eb96a64ca903","name":"fata","image":{"@type":"ImageObject","inLanguage":"en-US","@id":"https:\/\/fatahungary.hu\/#\/schema\/person\/image\/","url":"https:\/\/secure.gravatar.com\/avatar\/afd8ff081e23b0174940396500207663504fff1836132f57cdedbb878ae28946?s=96&d=mm&r=g","contentUrl":"https:\/\/secure.gravatar.com\/avatar\/afd8ff081e23b0174940396500207663504fff1836132f57cdedbb878ae28946?s=96&d=mm&r=g","caption":"fata"},"sameAs":["https:\/\/fatahungary.hu"],"url":"https:\/\/fatahungary.hu\/en\/author\/fata\/"}]}},"_links":{"self":[{"href":"https:\/\/fatahungary.hu\/en\/wp-json\/wp\/v2\/posts\/208","targetHints":{"allow":["GET"]}}],"collection":[{"href":"https:\/\/fatahungary.hu\/en\/wp-json\/wp\/v2\/posts"}],"about":[{"href":"https:\/\/fatahungary.hu\/en\/wp-json\/wp\/v2\/types\/post"}],"author":[{"embeddable":true,"href":"https:\/\/fatahungary.hu\/en\/wp-json\/wp\/v2\/users\/1"}],"replies":[{"embeddable":true,"href":"https:\/\/fatahungary.hu\/en\/wp-json\/wp\/v2\/comments?post=208"}],"version-history":[{"count":9,"href":"https:\/\/fatahungary.hu\/en\/wp-json\/wp\/v2\/posts\/208\/revisions"}],"predecessor-version":[{"id":223,"href":"https:\/\/fatahungary.hu\/en\/wp-json\/wp\/v2\/posts\/208\/revisions\/223"}],"wp:featuredmedia":[{"embeddable":true,"href":"https:\/\/fatahungary.hu\/en\/wp-json\/wp\/v2\/media\/201"}],"wp:attachment":[{"href":"https:\/\/fatahungary.hu\/en\/wp-json\/wp\/v2\/media?parent=208"}],"wp:term":[{"taxonomy":"category","embeddable":true,"href":"https:\/\/fatahungary.hu\/en\/wp-json\/wp\/v2\/categories?post=208"},{"taxonomy":"post_tag","embeddable":true,"href":"https:\/\/fatahungary.hu\/en\/wp-json\/wp\/v2\/tags?post=208"}],"curies":[{"name":"wp","href":"https:\/\/api.w.org\/{rel}","templated":true}]}}