{"id":229,"date":"2024-04-25T14:26:58","date_gmt":"2024-04-25T12:26:58","guid":{"rendered":"https:\/\/fatahungary.hu\/?p=229"},"modified":"2024-04-25T14:28:56","modified_gmt":"2024-04-25T12:28:56","slug":"next-gen-kick-off-meeting","status":"publish","type":"post","link":"https:\/\/fatahungary.hu\/en\/2024\/04\/25\/next-gen-kick-off-meeting\/","title":{"rendered":"Next GEn kick-off meeting"},"content":{"rendered":"\n<p>Within the framework of the Next GEn project, the kick-off meeting took place on Wednesday, April 24, 2024, in the Oberwart settlement in Burgenland. After the online discussions, the project partners (Vas County Government Office, Sekem Energy GmbH, Wood Science Foundation) visited the first face-to-face meeting at the invitation of the leading project partner, BFI Burgenland Vocational Training Institute.<\/p>\n\n\n\n<p>The Next GEn project, lasting 30 months, is intended to alleviate the serious shortage of skilled labor in the renewable energy market with the help of a multi-layer career guidance model. The project is co-financed by the European Union and the Hungarian State within the Austria-Hungary Interreg cooperation program.<\/p>\n\n\n\n<p>At the kick-off meeting, the partners got to know each other personally, discussed the main goals of the Next GEn project, jointly developed the foundations of effective cooperation, and the operational plan for the first half-year period of the project was also discussed and accepted.<\/p>\n","protected":false},"excerpt":{"rendered":"<p>Within the framework of the Next GEn project, the kick-off meeting took&#8230;<\/p>\n","protected":false},"author":1,"featured_media":232,"comment_status":"closed","ping_status":"open","sticky":false,"template":"","format":"standard","meta":{"inline_featured_image":false,"footnotes":""},"categories":[7],"tags":[],"class_list":["post-229","post","type-post","status-publish","format-standard","has-post-thumbnail","hentry","category-uncategorized"],"yoast_head":"<!-- This site is optimized with the Yoast SEO plugin v24.7 - https:\/\/yoast.com\/wordpress\/plugins\/seo\/ -->\n<title>Next GEn kick-off meeting - Faipari Tudom\u00e1nyos Alap\u00edtv\u00e1ny<\/title>\n<meta name=\"robots\" content=\"index, follow, max-snippet:-1, max-image-preview:large, max-video-preview:-1\" \/>\n<link rel=\"canonical\" href=\"https:\/\/fatahungary.hu\/en\/2024\/04\/25\/next-gen-kick-off-meeting\/\" \/>\n<meta property=\"og:locale\" content=\"en_US\" \/>\n<meta property=\"og:type\" content=\"article\" \/>\n<meta property=\"og:title\" content=\"Next GEn kick-off meeting - Faipari Tudom\u00e1nyos Alap\u00edtv\u00e1ny\" \/>\n<meta property=\"og:description\" content=\"Within the framework of the Next GEn project, the kick-off meeting took...\" \/>\n<meta property=\"og:url\" content=\"https:\/\/fatahungary.hu\/en\/2024\/04\/25\/next-gen-kick-off-meeting\/\" \/>\n<meta property=\"og:site_name\" content=\"Faipari Tudom\u00e1nyos Alap\u00edtv\u00e1ny\" \/>\n<meta property=\"article:published_time\" content=\"2024-04-25T12:26:58+00:00\" \/>\n<meta property=\"article:modified_time\" content=\"2024-04-25T12:28:56+00:00\" \/>\n<meta property=\"og:image\" content=\"https:\/\/fatahungary.hu\/wp-content\/uploads\/2024\/04\/nextgen_fata_news_cover-1024x576.png\" \/>\n\t<meta property=\"og:image:width\" content=\"1024\" \/>\n\t<meta property=\"og:image:height\" content=\"576\" \/>\n\t<meta property=\"og:image:type\" content=\"image\/png\" \/>\n<meta name=\"author\" content=\"fata\" \/>\n<meta name=\"twitter:card\" content=\"summary_large_image\" \/>\n<meta name=\"twitter:label1\" content=\"Written by\" \/>\n\t<meta name=\"twitter:data1\" content=\"fata\" \/>\n\t<meta name=\"twitter:label2\" content=\"Est. reading time\" \/>\n\t<meta name=\"twitter:data2\" content=\"1 minute\" \/>\n<script type=\"application\/ld+json\" class=\"yoast-schema-graph\">{\"@context\":\"https:\/\/schema.org\",\"@graph\":[{\"@type\":\"Article\",\"@id\":\"https:\/\/fatahungary.hu\/en\/2024\/04\/25\/next-gen-kick-off-meeting\/#article\",\"isPartOf\":{\"@id\":\"https:\/\/fatahungary.hu\/en\/2024\/04\/25\/next-gen-kick-off-meeting\/\"},\"author\":{\"name\":\"fata\",\"@id\":\"https:\/\/fatahungary.hu\/#\/schema\/person\/64385f82897d7e589b91eb96a64ca903\"},\"headline\":\"Next GEn kick-off meeting\",\"datePublished\":\"2024-04-25T12:26:58+00:00\",\"dateModified\":\"2024-04-25T12:28:56+00:00\",\"mainEntityOfPage\":{\"@id\":\"https:\/\/fatahungary.hu\/en\/2024\/04\/25\/next-gen-kick-off-meeting\/\"},\"wordCount\":154,\"publisher\":{\"@id\":\"https:\/\/fatahungary.hu\/#organization\"},\"image\":{\"@id\":\"https:\/\/fatahungary.hu\/en\/2024\/04\/25\/next-gen-kick-off-meeting\/#primaryimage\"},\"thumbnailUrl\":\"https:\/\/fatahungary.hu\/wp-content\/uploads\/2024\/04\/nextgen_face_cover_1200x628_2x.png\",\"inLanguage\":\"en-US\"},{\"@type\":\"WebPage\",\"@id\":\"https:\/\/fatahungary.hu\/en\/2024\/04\/25\/next-gen-kick-off-meeting\/\",\"url\":\"https:\/\/fatahungary.hu\/en\/2024\/04\/25\/next-gen-kick-off-meeting\/\",\"name\":\"Next GEn kick-off meeting - Faipari Tudom\u00e1nyos Alap\u00edtv\u00e1ny\",\"isPartOf\":{\"@id\":\"https:\/\/fatahungary.hu\/#website\"},\"primaryImageOfPage\":{\"@id\":\"https:\/\/fatahungary.hu\/en\/2024\/04\/25\/next-gen-kick-off-meeting\/#primaryimage\"},\"image\":{\"@id\":\"https:\/\/fatahungary.hu\/en\/2024\/04\/25\/next-gen-kick-off-meeting\/#primaryimage\"},\"thumbnailUrl\":\"https:\/\/fatahungary.hu\/wp-content\/uploads\/2024\/04\/nextgen_face_cover_1200x628_2x.png\",\"datePublished\":\"2024-04-25T12:26:58+00:00\",\"dateModified\":\"2024-04-25T12:28:56+00:00\",\"breadcrumb\":{\"@id\":\"https:\/\/fatahungary.hu\/en\/2024\/04\/25\/next-gen-kick-off-meeting\/#breadcrumb\"},\"inLanguage\":\"en-US\",\"potentialAction\":[{\"@type\":\"ReadAction\",\"target\":[\"https:\/\/fatahungary.hu\/en\/2024\/04\/25\/next-gen-kick-off-meeting\/\"]}]},{\"@type\":\"ImageObject\",\"inLanguage\":\"en-US\",\"@id\":\"https:\/\/fatahungary.hu\/en\/2024\/04\/25\/next-gen-kick-off-meeting\/#primaryimage\",\"url\":\"https:\/\/fatahungary.hu\/wp-content\/uploads\/2024\/04\/nextgen_face_cover_1200x628_2x.png\",\"contentUrl\":\"https:\/\/fatahungary.hu\/wp-content\/uploads\/2024\/04\/nextgen_face_cover_1200x628_2x.png\",\"width\":2400,\"height\":1054},{\"@type\":\"BreadcrumbList\",\"@id\":\"https:\/\/fatahungary.hu\/en\/2024\/04\/25\/next-gen-kick-off-meeting\/#breadcrumb\",\"itemListElement\":[{\"@type\":\"ListItem\",\"position\":1,\"name\":\"Kezd\u0151lap\",\"item\":\"https:\/\/fatahungary.hu\/en\/\"},{\"@type\":\"ListItem\",\"position\":2,\"name\":\"Next GEn kick-off meeting\"}]},{\"@type\":\"WebSite\",\"@id\":\"https:\/\/fatahungary.hu\/#website\",\"url\":\"https:\/\/fatahungary.hu\/\",\"name\":\"Faipari Tudom\u00e1nyos Alap\u00edtv\u00e1ny\",\"description\":\"\",\"publisher\":{\"@id\":\"https:\/\/fatahungary.hu\/#organization\"},\"alternateName\":\"FATA\",\"potentialAction\":[{\"@type\":\"SearchAction\",\"target\":{\"@type\":\"EntryPoint\",\"urlTemplate\":\"https:\/\/fatahungary.hu\/?s={search_term_string}\"},\"query-input\":{\"@type\":\"PropertyValueSpecification\",\"valueRequired\":true,\"valueName\":\"search_term_string\"}}],\"inLanguage\":\"en-US\"},{\"@type\":\"Organization\",\"@id\":\"https:\/\/fatahungary.hu\/#organization\",\"name\":\"Faipari Tudom\u00e1nyos Alap\u00edtv\u00e1ny\",\"alternateName\":\"FATA\",\"url\":\"https:\/\/fatahungary.hu\/\",\"logo\":{\"@type\":\"ImageObject\",\"inLanguage\":\"en-US\",\"@id\":\"https:\/\/fatahungary.hu\/#\/schema\/logo\/image\/\",\"url\":\"https:\/\/fatahungary.hu\/wp-content\/uploads\/2023\/02\/fata_logo_color-1.svg\",\"contentUrl\":\"https:\/\/fatahungary.hu\/wp-content\/uploads\/2023\/02\/fata_logo_color-1.svg\",\"caption\":\"Faipari Tudom\u00e1nyos Alap\u00edtv\u00e1ny\"},\"image\":{\"@id\":\"https:\/\/fatahungary.hu\/#\/schema\/logo\/image\/\"}},{\"@type\":\"Person\",\"@id\":\"https:\/\/fatahungary.hu\/#\/schema\/person\/64385f82897d7e589b91eb96a64ca903\",\"name\":\"fata\",\"image\":{\"@type\":\"ImageObject\",\"inLanguage\":\"en-US\",\"@id\":\"https:\/\/fatahungary.hu\/#\/schema\/person\/image\/\",\"url\":\"https:\/\/secure.gravatar.com\/avatar\/afd8ff081e23b0174940396500207663504fff1836132f57cdedbb878ae28946?s=96&d=mm&r=g\",\"contentUrl\":\"https:\/\/secure.gravatar.com\/avatar\/afd8ff081e23b0174940396500207663504fff1836132f57cdedbb878ae28946?s=96&d=mm&r=g\",\"caption\":\"fata\"},\"sameAs\":[\"https:\/\/fatahungary.hu\"],\"url\":\"https:\/\/fatahungary.hu\/en\/author\/fata\/\"}]}<\/script>\n<!-- \/ Yoast SEO plugin. -->","yoast_head_json":{"title":"Next GEn kick-off meeting - Faipari Tudom\u00e1nyos Alap\u00edtv\u00e1ny","robots":{"index":"index","follow":"follow","max-snippet":"max-snippet:-1","max-image-preview":"max-image-preview:large","max-video-preview":"max-video-preview:-1"},"canonical":"https:\/\/fatahungary.hu\/en\/2024\/04\/25\/next-gen-kick-off-meeting\/","og_locale":"en_US","og_type":"article","og_title":"Next GEn kick-off meeting - Faipari Tudom\u00e1nyos Alap\u00edtv\u00e1ny","og_description":"Within the framework of the Next GEn project, the kick-off meeting took...","og_url":"https:\/\/fatahungary.hu\/en\/2024\/04\/25\/next-gen-kick-off-meeting\/","og_site_name":"Faipari Tudom\u00e1nyos Alap\u00edtv\u00e1ny","article_published_time":"2024-04-25T12:26:58+00:00","article_modified_time":"2024-04-25T12:28:56+00:00","og_image":[{"width":1024,"height":576,"url":"https:\/\/fatahungary.hu\/wp-content\/uploads\/2024\/04\/nextgen_fata_news_cover-1024x576.png","type":"image\/png"}],"author":"fata","twitter_card":"summary_large_image","twitter_misc":{"Written by":"fata","Est. reading time":"1 minute"},"schema":{"@context":"https:\/\/schema.org","@graph":[{"@type":"Article","@id":"https:\/\/fatahungary.hu\/en\/2024\/04\/25\/next-gen-kick-off-meeting\/#article","isPartOf":{"@id":"https:\/\/fatahungary.hu\/en\/2024\/04\/25\/next-gen-kick-off-meeting\/"},"author":{"name":"fata","@id":"https:\/\/fatahungary.hu\/#\/schema\/person\/64385f82897d7e589b91eb96a64ca903"},"headline":"Next GEn kick-off meeting","datePublished":"2024-04-25T12:26:58+00:00","dateModified":"2024-04-25T12:28:56+00:00","mainEntityOfPage":{"@id":"https:\/\/fatahungary.hu\/en\/2024\/04\/25\/next-gen-kick-off-meeting\/"},"wordCount":154,"publisher":{"@id":"https:\/\/fatahungary.hu\/#organization"},"image":{"@id":"https:\/\/fatahungary.hu\/en\/2024\/04\/25\/next-gen-kick-off-meeting\/#primaryimage"},"thumbnailUrl":"https:\/\/fatahungary.hu\/wp-content\/uploads\/2024\/04\/nextgen_face_cover_1200x628_2x.png","inLanguage":"en-US"},{"@type":"WebPage","@id":"https:\/\/fatahungary.hu\/en\/2024\/04\/25\/next-gen-kick-off-meeting\/","url":"https:\/\/fatahungary.hu\/en\/2024\/04\/25\/next-gen-kick-off-meeting\/","name":"Next GEn kick-off meeting - Faipari Tudom\u00e1nyos Alap\u00edtv\u00e1ny","isPartOf":{"@id":"https:\/\/fatahungary.hu\/#website"},"primaryImageOfPage":{"@id":"https:\/\/fatahungary.hu\/en\/2024\/04\/25\/next-gen-kick-off-meeting\/#primaryimage"},"image":{"@id":"https:\/\/fatahungary.hu\/en\/2024\/04\/25\/next-gen-kick-off-meeting\/#primaryimage"},"thumbnailUrl":"https:\/\/fatahungary.hu\/wp-content\/uploads\/2024\/04\/nextgen_face_cover_1200x628_2x.png","datePublished":"2024-04-25T12:26:58+00:00","dateModified":"2024-04-25T12:28:56+00:00","breadcrumb":{"@id":"https:\/\/fatahungary.hu\/en\/2024\/04\/25\/next-gen-kick-off-meeting\/#breadcrumb"},"inLanguage":"en-US","potentialAction":[{"@type":"ReadAction","target":["https:\/\/fatahungary.hu\/en\/2024\/04\/25\/next-gen-kick-off-meeting\/"]}]},{"@type":"ImageObject","inLanguage":"en-US","@id":"https:\/\/fatahungary.hu\/en\/2024\/04\/25\/next-gen-kick-off-meeting\/#primaryimage","url":"https:\/\/fatahungary.hu\/wp-content\/uploads\/2024\/04\/nextgen_face_cover_1200x628_2x.png","contentUrl":"https:\/\/fatahungary.hu\/wp-content\/uploads\/2024\/04\/nextgen_face_cover_1200x628_2x.png","width":2400,"height":1054},{"@type":"BreadcrumbList","@id":"https:\/\/fatahungary.hu\/en\/2024\/04\/25\/next-gen-kick-off-meeting\/#breadcrumb","itemListElement":[{"@type":"ListItem","position":1,"name":"Kezd\u0151lap","item":"https:\/\/fatahungary.hu\/en\/"},{"@type":"ListItem","position":2,"name":"Next GEn kick-off meeting"}]},{"@type":"WebSite","@id":"https:\/\/fatahungary.hu\/#website","url":"https:\/\/fatahungary.hu\/","name":"Faipari Tudom\u00e1nyos Alap\u00edtv\u00e1ny","description":"","publisher":{"@id":"https:\/\/fatahungary.hu\/#organization"},"alternateName":"FATA","potentialAction":[{"@type":"SearchAction","target":{"@type":"EntryPoint","urlTemplate":"https:\/\/fatahungary.hu\/?s={search_term_string}"},"query-input":{"@type":"PropertyValueSpecification","valueRequired":true,"valueName":"search_term_string"}}],"inLanguage":"en-US"},{"@type":"Organization","@id":"https:\/\/fatahungary.hu\/#organization","name":"Faipari Tudom\u00e1nyos Alap\u00edtv\u00e1ny","alternateName":"FATA","url":"https:\/\/fatahungary.hu\/","logo":{"@type":"ImageObject","inLanguage":"en-US","@id":"https:\/\/fatahungary.hu\/#\/schema\/logo\/image\/","url":"https:\/\/fatahungary.hu\/wp-content\/uploads\/2023\/02\/fata_logo_color-1.svg","contentUrl":"https:\/\/fatahungary.hu\/wp-content\/uploads\/2023\/02\/fata_logo_color-1.svg","caption":"Faipari Tudom\u00e1nyos Alap\u00edtv\u00e1ny"},"image":{"@id":"https:\/\/fatahungary.hu\/#\/schema\/logo\/image\/"}},{"@type":"Person","@id":"https:\/\/fatahungary.hu\/#\/schema\/person\/64385f82897d7e589b91eb96a64ca903","name":"fata","image":{"@type":"ImageObject","inLanguage":"en-US","@id":"https:\/\/fatahungary.hu\/#\/schema\/person\/image\/","url":"https:\/\/secure.gravatar.com\/avatar\/afd8ff081e23b0174940396500207663504fff1836132f57cdedbb878ae28946?s=96&d=mm&r=g","contentUrl":"https:\/\/secure.gravatar.com\/avatar\/afd8ff081e23b0174940396500207663504fff1836132f57cdedbb878ae28946?s=96&d=mm&r=g","caption":"fata"},"sameAs":["https:\/\/fatahungary.hu"],"url":"https:\/\/fatahungary.hu\/en\/author\/fata\/"}]}},"_links":{"self":[{"href":"https:\/\/fatahungary.hu\/en\/wp-json\/wp\/v2\/posts\/229","targetHints":{"allow":["GET"]}}],"collection":[{"href":"https:\/\/fatahungary.hu\/en\/wp-json\/wp\/v2\/posts"}],"about":[{"href":"https:\/\/fatahungary.hu\/en\/wp-json\/wp\/v2\/types\/post"}],"author":[{"embeddable":true,"href":"https:\/\/fatahungary.hu\/en\/wp-json\/wp\/v2\/users\/1"}],"replies":[{"embeddable":true,"href":"https:\/\/fatahungary.hu\/en\/wp-json\/wp\/v2\/comments?post=229"}],"version-history":[{"count":1,"href":"https:\/\/fatahungary.hu\/en\/wp-json\/wp\/v2\/posts\/229\/revisions"}],"predecessor-version":[{"id":230,"href":"https:\/\/fatahungary.hu\/en\/wp-json\/wp\/v2\/posts\/229\/revisions\/230"}],"wp:featuredmedia":[{"embeddable":true,"href":"https:\/\/fatahungary.hu\/en\/wp-json\/wp\/v2\/media\/232"}],"wp:attachment":[{"href":"https:\/\/fatahungary.hu\/en\/wp-json\/wp\/v2\/media?parent=229"}],"wp:term":[{"taxonomy":"category","embeddable":true,"href":"https:\/\/fatahungary.hu\/en\/wp-json\/wp\/v2\/categories?post=229"},{"taxonomy":"post_tag","embeddable":true,"href":"https:\/\/fatahungary.hu\/en\/wp-json\/wp\/v2\/tags?post=229"}],"curies":[{"name":"wp","href":"https:\/\/api.w.org\/{rel}","templated":true}]}}