{"id":238,"date":"2024-05-16T12:14:40","date_gmt":"2024-05-16T10:14:40","guid":{"rendered":"https:\/\/fatahungary.hu\/?p=238"},"modified":"2024-05-16T12:17:36","modified_gmt":"2024-05-16T10:17:36","slug":"next-gen","status":"publish","type":"post","link":"https:\/\/fatahungary.hu\/en\/2024\/05\/16\/next-gen\/","title":{"rendered":"Next GEn"},"content":{"rendered":"\n<p>Within the framework of the Interreg VI-A Austria-Hungary program, the Next GEn project (ATHU-0100024), which started on April 1, 2024, involves the Faipari Tudom\u00e1nyos Alap\u00edtv\u00e1ny (FATA) as a project partner.<\/p>\n\n\n\n<p>The proportion of renewable energy sources (wind energy, photovoltaic energy and biomass energy) in the Austrian-Hungarian program region is increasing, and this trend will continue in the future thanks to targeted expansions.<\/p>\n\n\n\n<p>There is an increasing demand for skilled labor in the field of renewable energy. However, there is already a shortage in the Austrian-Hungarian border region in the field of maintenance, servicing, and further expansion related to renewable energy. According to experts&#8217; estimates, more than 40,000 RES specialists will be needed by 2030 in the Austrian-Hungarian program region alone. The next generation, the young people, play a decisive role in solving this problem, in reducing the shortage of skilled workers, and thereby contribute to a greener future, climate protection, and reducing the negative effects of climate change.<\/p>\n\n\n\n<p>In summary, the goal of the Next GEn project is to alleviate the shortage of skilled labor in the renewable energy sector in the medium and long term by developing a multi-layered innovative career guidance model for 10-15-year-old students who are about to choose their further education.<\/p>\n\n\n\n<p>The project is implemented within the framework of the cooperation programme Interreg VI-A Austria-Hungary with co-financing from the European Regional Development Fund.<\/p>\n\n\n\n<figure class=\"wp-block-image size-large\"><img loading=\"lazy\" decoding=\"async\" width=\"1024\" height=\"381\" src=\"https:\/\/fatahungary.hu\/wp-content\/uploads\/2024\/05\/Interreg-ATHU_Next-GEn_Standard_medium-1-1024x381.png\" alt=\"\" class=\"wp-image-239\" srcset=\"https:\/\/fatahungary.hu\/wp-content\/uploads\/2024\/05\/Interreg-ATHU_Next-GEn_Standard_medium-1-1024x381.png 1024w, https:\/\/fatahungary.hu\/wp-content\/uploads\/2024\/05\/Interreg-ATHU_Next-GEn_Standard_medium-1-300x112.png 300w, https:\/\/fatahungary.hu\/wp-content\/uploads\/2024\/05\/Interreg-ATHU_Next-GEn_Standard_medium-1-768x286.png 768w, https:\/\/fatahungary.hu\/wp-content\/uploads\/2024\/05\/Interreg-ATHU_Next-GEn_Standard_medium-1.png 1220w\" sizes=\"auto, (max-width: 1024px) 100vw, 1024px\" \/><\/figure>\n","protected":false},"excerpt":{"rendered":"<p>Within the framework of the Interreg VI-A Austria-Hungary program, the Next GEn&#8230;<\/p>\n","protected":false},"author":1,"featured_media":0,"comment_status":"closed","ping_status":"open","sticky":false,"template":"","format":"standard","meta":{"inline_featured_image":false,"footnotes":""},"categories":[15],"tags":[],"class_list":["post-238","post","type-post","status-publish","format-standard","hentry","category-applications"],"yoast_head":"<!-- This site is optimized with the Yoast SEO plugin v24.7 - https:\/\/yoast.com\/wordpress\/plugins\/seo\/ -->\n<title>Next GEn - Faipari Tudom\u00e1nyos Alap\u00edtv\u00e1ny<\/title>\n<meta name=\"robots\" content=\"index, follow, max-snippet:-1, max-image-preview:large, max-video-preview:-1\" \/>\n<link rel=\"canonical\" href=\"https:\/\/fatahungary.hu\/en\/2024\/05\/16\/next-gen\/\" \/>\n<meta property=\"og:locale\" content=\"en_US\" \/>\n<meta property=\"og:type\" content=\"article\" \/>\n<meta property=\"og:title\" content=\"Next GEn - Faipari Tudom\u00e1nyos Alap\u00edtv\u00e1ny\" \/>\n<meta property=\"og:description\" content=\"Within the framework of the Interreg VI-A Austria-Hungary program, the Next GEn...\" \/>\n<meta property=\"og:url\" content=\"https:\/\/fatahungary.hu\/en\/2024\/05\/16\/next-gen\/\" \/>\n<meta property=\"og:site_name\" content=\"Faipari Tudom\u00e1nyos Alap\u00edtv\u00e1ny\" \/>\n<meta property=\"article:published_time\" content=\"2024-05-16T10:14:40+00:00\" \/>\n<meta property=\"article:modified_time\" content=\"2024-05-16T10:17:36+00:00\" \/>\n<meta property=\"og:image\" content=\"https:\/\/fatahungary.hu\/wp-content\/uploads\/2024\/05\/Interreg-ATHU_Next-GEn_Standard_medium-1-1024x381.png\" \/>\n<meta name=\"author\" content=\"fata\" \/>\n<meta name=\"twitter:card\" content=\"summary_large_image\" \/>\n<meta name=\"twitter:label1\" content=\"Written by\" \/>\n\t<meta name=\"twitter:data1\" content=\"fata\" \/>\n\t<meta name=\"twitter:label2\" content=\"Est. reading time\" \/>\n\t<meta name=\"twitter:data2\" content=\"2 minutes\" \/>\n<script type=\"application\/ld+json\" class=\"yoast-schema-graph\">{\"@context\":\"https:\/\/schema.org\",\"@graph\":[{\"@type\":\"Article\",\"@id\":\"https:\/\/fatahungary.hu\/en\/2024\/05\/16\/next-gen\/#article\",\"isPartOf\":{\"@id\":\"https:\/\/fatahungary.hu\/en\/2024\/05\/16\/next-gen\/\"},\"author\":{\"name\":\"fata\",\"@id\":\"https:\/\/fatahungary.hu\/#\/schema\/person\/64385f82897d7e589b91eb96a64ca903\"},\"headline\":\"Next GEn\",\"datePublished\":\"2024-05-16T10:14:40+00:00\",\"dateModified\":\"2024-05-16T10:17:36+00:00\",\"mainEntityOfPage\":{\"@id\":\"https:\/\/fatahungary.hu\/en\/2024\/05\/16\/next-gen\/\"},\"wordCount\":229,\"publisher\":{\"@id\":\"https:\/\/fatahungary.hu\/#organization\"},\"image\":{\"@id\":\"https:\/\/fatahungary.hu\/en\/2024\/05\/16\/next-gen\/#primaryimage\"},\"thumbnailUrl\":\"https:\/\/fatahungary.hu\/wp-content\/uploads\/2024\/05\/Interreg-ATHU_Next-GEn_Standard_medium-1-1024x381.png\",\"articleSection\":[\"Applications\"],\"inLanguage\":\"en-US\"},{\"@type\":\"WebPage\",\"@id\":\"https:\/\/fatahungary.hu\/en\/2024\/05\/16\/next-gen\/\",\"url\":\"https:\/\/fatahungary.hu\/en\/2024\/05\/16\/next-gen\/\",\"name\":\"Next GEn - Faipari Tudom\u00e1nyos Alap\u00edtv\u00e1ny\",\"isPartOf\":{\"@id\":\"https:\/\/fatahungary.hu\/#website\"},\"primaryImageOfPage\":{\"@id\":\"https:\/\/fatahungary.hu\/en\/2024\/05\/16\/next-gen\/#primaryimage\"},\"image\":{\"@id\":\"https:\/\/fatahungary.hu\/en\/2024\/05\/16\/next-gen\/#primaryimage\"},\"thumbnailUrl\":\"https:\/\/fatahungary.hu\/wp-content\/uploads\/2024\/05\/Interreg-ATHU_Next-GEn_Standard_medium-1-1024x381.png\",\"datePublished\":\"2024-05-16T10:14:40+00:00\",\"dateModified\":\"2024-05-16T10:17:36+00:00\",\"breadcrumb\":{\"@id\":\"https:\/\/fatahungary.hu\/en\/2024\/05\/16\/next-gen\/#breadcrumb\"},\"inLanguage\":\"en-US\",\"potentialAction\":[{\"@type\":\"ReadAction\",\"target\":[\"https:\/\/fatahungary.hu\/en\/2024\/05\/16\/next-gen\/\"]}]},{\"@type\":\"ImageObject\",\"inLanguage\":\"en-US\",\"@id\":\"https:\/\/fatahungary.hu\/en\/2024\/05\/16\/next-gen\/#primaryimage\",\"url\":\"https:\/\/fatahungary.hu\/wp-content\/uploads\/2024\/05\/Interreg-ATHU_Next-GEn_Standard_medium-1-1024x381.png\",\"contentUrl\":\"https:\/\/fatahungary.hu\/wp-content\/uploads\/2024\/05\/Interreg-ATHU_Next-GEn_Standard_medium-1-1024x381.png\"},{\"@type\":\"BreadcrumbList\",\"@id\":\"https:\/\/fatahungary.hu\/en\/2024\/05\/16\/next-gen\/#breadcrumb\",\"itemListElement\":[{\"@type\":\"ListItem\",\"position\":1,\"name\":\"Kezd\u0151lap\",\"item\":\"https:\/\/fatahungary.hu\/en\/\"},{\"@type\":\"ListItem\",\"position\":2,\"name\":\"Next GEn\"}]},{\"@type\":\"WebSite\",\"@id\":\"https:\/\/fatahungary.hu\/#website\",\"url\":\"https:\/\/fatahungary.hu\/\",\"name\":\"Faipari Tudom\u00e1nyos Alap\u00edtv\u00e1ny\",\"description\":\"\",\"publisher\":{\"@id\":\"https:\/\/fatahungary.hu\/#organization\"},\"alternateName\":\"FATA\",\"potentialAction\":[{\"@type\":\"SearchAction\",\"target\":{\"@type\":\"EntryPoint\",\"urlTemplate\":\"https:\/\/fatahungary.hu\/?s={search_term_string}\"},\"query-input\":{\"@type\":\"PropertyValueSpecification\",\"valueRequired\":true,\"valueName\":\"search_term_string\"}}],\"inLanguage\":\"en-US\"},{\"@type\":\"Organization\",\"@id\":\"https:\/\/fatahungary.hu\/#organization\",\"name\":\"Faipari Tudom\u00e1nyos Alap\u00edtv\u00e1ny\",\"alternateName\":\"FATA\",\"url\":\"https:\/\/fatahungary.hu\/\",\"logo\":{\"@type\":\"ImageObject\",\"inLanguage\":\"en-US\",\"@id\":\"https:\/\/fatahungary.hu\/#\/schema\/logo\/image\/\",\"url\":\"https:\/\/fatahungary.hu\/wp-content\/uploads\/2023\/02\/fata_logo_color-1.svg\",\"contentUrl\":\"https:\/\/fatahungary.hu\/wp-content\/uploads\/2023\/02\/fata_logo_color-1.svg\",\"caption\":\"Faipari Tudom\u00e1nyos Alap\u00edtv\u00e1ny\"},\"image\":{\"@id\":\"https:\/\/fatahungary.hu\/#\/schema\/logo\/image\/\"}},{\"@type\":\"Person\",\"@id\":\"https:\/\/fatahungary.hu\/#\/schema\/person\/64385f82897d7e589b91eb96a64ca903\",\"name\":\"fata\",\"image\":{\"@type\":\"ImageObject\",\"inLanguage\":\"en-US\",\"@id\":\"https:\/\/fatahungary.hu\/#\/schema\/person\/image\/\",\"url\":\"https:\/\/secure.gravatar.com\/avatar\/afd8ff081e23b0174940396500207663504fff1836132f57cdedbb878ae28946?s=96&d=mm&r=g\",\"contentUrl\":\"https:\/\/secure.gravatar.com\/avatar\/afd8ff081e23b0174940396500207663504fff1836132f57cdedbb878ae28946?s=96&d=mm&r=g\",\"caption\":\"fata\"},\"sameAs\":[\"https:\/\/fatahungary.hu\"],\"url\":\"https:\/\/fatahungary.hu\/en\/author\/fata\/\"}]}<\/script>\n<!-- \/ Yoast SEO plugin. -->","yoast_head_json":{"title":"Next GEn - Faipari Tudom\u00e1nyos Alap\u00edtv\u00e1ny","robots":{"index":"index","follow":"follow","max-snippet":"max-snippet:-1","max-image-preview":"max-image-preview:large","max-video-preview":"max-video-preview:-1"},"canonical":"https:\/\/fatahungary.hu\/en\/2024\/05\/16\/next-gen\/","og_locale":"en_US","og_type":"article","og_title":"Next GEn - Faipari Tudom\u00e1nyos Alap\u00edtv\u00e1ny","og_description":"Within the framework of the Interreg VI-A Austria-Hungary program, the Next GEn...","og_url":"https:\/\/fatahungary.hu\/en\/2024\/05\/16\/next-gen\/","og_site_name":"Faipari Tudom\u00e1nyos Alap\u00edtv\u00e1ny","article_published_time":"2024-05-16T10:14:40+00:00","article_modified_time":"2024-05-16T10:17:36+00:00","og_image":[{"url":"https:\/\/fatahungary.hu\/wp-content\/uploads\/2024\/05\/Interreg-ATHU_Next-GEn_Standard_medium-1-1024x381.png","type":"","width":"","height":""}],"author":"fata","twitter_card":"summary_large_image","twitter_misc":{"Written by":"fata","Est. reading time":"2 minutes"},"schema":{"@context":"https:\/\/schema.org","@graph":[{"@type":"Article","@id":"https:\/\/fatahungary.hu\/en\/2024\/05\/16\/next-gen\/#article","isPartOf":{"@id":"https:\/\/fatahungary.hu\/en\/2024\/05\/16\/next-gen\/"},"author":{"name":"fata","@id":"https:\/\/fatahungary.hu\/#\/schema\/person\/64385f82897d7e589b91eb96a64ca903"},"headline":"Next GEn","datePublished":"2024-05-16T10:14:40+00:00","dateModified":"2024-05-16T10:17:36+00:00","mainEntityOfPage":{"@id":"https:\/\/fatahungary.hu\/en\/2024\/05\/16\/next-gen\/"},"wordCount":229,"publisher":{"@id":"https:\/\/fatahungary.hu\/#organization"},"image":{"@id":"https:\/\/fatahungary.hu\/en\/2024\/05\/16\/next-gen\/#primaryimage"},"thumbnailUrl":"https:\/\/fatahungary.hu\/wp-content\/uploads\/2024\/05\/Interreg-ATHU_Next-GEn_Standard_medium-1-1024x381.png","articleSection":["Applications"],"inLanguage":"en-US"},{"@type":"WebPage","@id":"https:\/\/fatahungary.hu\/en\/2024\/05\/16\/next-gen\/","url":"https:\/\/fatahungary.hu\/en\/2024\/05\/16\/next-gen\/","name":"Next GEn - Faipari Tudom\u00e1nyos Alap\u00edtv\u00e1ny","isPartOf":{"@id":"https:\/\/fatahungary.hu\/#website"},"primaryImageOfPage":{"@id":"https:\/\/fatahungary.hu\/en\/2024\/05\/16\/next-gen\/#primaryimage"},"image":{"@id":"https:\/\/fatahungary.hu\/en\/2024\/05\/16\/next-gen\/#primaryimage"},"thumbnailUrl":"https:\/\/fatahungary.hu\/wp-content\/uploads\/2024\/05\/Interreg-ATHU_Next-GEn_Standard_medium-1-1024x381.png","datePublished":"2024-05-16T10:14:40+00:00","dateModified":"2024-05-16T10:17:36+00:00","breadcrumb":{"@id":"https:\/\/fatahungary.hu\/en\/2024\/05\/16\/next-gen\/#breadcrumb"},"inLanguage":"en-US","potentialAction":[{"@type":"ReadAction","target":["https:\/\/fatahungary.hu\/en\/2024\/05\/16\/next-gen\/"]}]},{"@type":"ImageObject","inLanguage":"en-US","@id":"https:\/\/fatahungary.hu\/en\/2024\/05\/16\/next-gen\/#primaryimage","url":"https:\/\/fatahungary.hu\/wp-content\/uploads\/2024\/05\/Interreg-ATHU_Next-GEn_Standard_medium-1-1024x381.png","contentUrl":"https:\/\/fatahungary.hu\/wp-content\/uploads\/2024\/05\/Interreg-ATHU_Next-GEn_Standard_medium-1-1024x381.png"},{"@type":"BreadcrumbList","@id":"https:\/\/fatahungary.hu\/en\/2024\/05\/16\/next-gen\/#breadcrumb","itemListElement":[{"@type":"ListItem","position":1,"name":"Kezd\u0151lap","item":"https:\/\/fatahungary.hu\/en\/"},{"@type":"ListItem","position":2,"name":"Next GEn"}]},{"@type":"WebSite","@id":"https:\/\/fatahungary.hu\/#website","url":"https:\/\/fatahungary.hu\/","name":"Faipari Tudom\u00e1nyos Alap\u00edtv\u00e1ny","description":"","publisher":{"@id":"https:\/\/fatahungary.hu\/#organization"},"alternateName":"FATA","potentialAction":[{"@type":"SearchAction","target":{"@type":"EntryPoint","urlTemplate":"https:\/\/fatahungary.hu\/?s={search_term_string}"},"query-input":{"@type":"PropertyValueSpecification","valueRequired":true,"valueName":"search_term_string"}}],"inLanguage":"en-US"},{"@type":"Organization","@id":"https:\/\/fatahungary.hu\/#organization","name":"Faipari Tudom\u00e1nyos Alap\u00edtv\u00e1ny","alternateName":"FATA","url":"https:\/\/fatahungary.hu\/","logo":{"@type":"ImageObject","inLanguage":"en-US","@id":"https:\/\/fatahungary.hu\/#\/schema\/logo\/image\/","url":"https:\/\/fatahungary.hu\/wp-content\/uploads\/2023\/02\/fata_logo_color-1.svg","contentUrl":"https:\/\/fatahungary.hu\/wp-content\/uploads\/2023\/02\/fata_logo_color-1.svg","caption":"Faipari Tudom\u00e1nyos Alap\u00edtv\u00e1ny"},"image":{"@id":"https:\/\/fatahungary.hu\/#\/schema\/logo\/image\/"}},{"@type":"Person","@id":"https:\/\/fatahungary.hu\/#\/schema\/person\/64385f82897d7e589b91eb96a64ca903","name":"fata","image":{"@type":"ImageObject","inLanguage":"en-US","@id":"https:\/\/fatahungary.hu\/#\/schema\/person\/image\/","url":"https:\/\/secure.gravatar.com\/avatar\/afd8ff081e23b0174940396500207663504fff1836132f57cdedbb878ae28946?s=96&d=mm&r=g","contentUrl":"https:\/\/secure.gravatar.com\/avatar\/afd8ff081e23b0174940396500207663504fff1836132f57cdedbb878ae28946?s=96&d=mm&r=g","caption":"fata"},"sameAs":["https:\/\/fatahungary.hu"],"url":"https:\/\/fatahungary.hu\/en\/author\/fata\/"}]}},"_links":{"self":[{"href":"https:\/\/fatahungary.hu\/en\/wp-json\/wp\/v2\/posts\/238","targetHints":{"allow":["GET"]}}],"collection":[{"href":"https:\/\/fatahungary.hu\/en\/wp-json\/wp\/v2\/posts"}],"about":[{"href":"https:\/\/fatahungary.hu\/en\/wp-json\/wp\/v2\/types\/post"}],"author":[{"embeddable":true,"href":"https:\/\/fatahungary.hu\/en\/wp-json\/wp\/v2\/users\/1"}],"replies":[{"embeddable":true,"href":"https:\/\/fatahungary.hu\/en\/wp-json\/wp\/v2\/comments?post=238"}],"version-history":[{"count":1,"href":"https:\/\/fatahungary.hu\/en\/wp-json\/wp\/v2\/posts\/238\/revisions"}],"predecessor-version":[{"id":241,"href":"https:\/\/fatahungary.hu\/en\/wp-json\/wp\/v2\/posts\/238\/revisions\/241"}],"wp:attachment":[{"href":"https:\/\/fatahungary.hu\/en\/wp-json\/wp\/v2\/media?parent=238"}],"wp:term":[{"taxonomy":"category","embeddable":true,"href":"https:\/\/fatahungary.hu\/en\/wp-json\/wp\/v2\/categories?post=238"},{"taxonomy":"post_tag","embeddable":true,"href":"https:\/\/fatahungary.hu\/en\/wp-json\/wp\/v2\/tags?post=238"}],"curies":[{"name":"wp","href":"https:\/\/api.w.org\/{rel}","templated":true}]}}