{"id":68,"date":"2021-05-03T11:30:00","date_gmt":"2021-05-03T09:30:00","guid":{"rendered":"https:\/\/fatahungary.hu\/2021\/05\/03\/the-hungarian-austrian-cross-border-cooperation-programme-eduwood-started\/"},"modified":"2023-03-13T09:41:39","modified_gmt":"2023-03-13T08:41:39","slug":"the-hungarian-austrian-cross-border-cooperation-programme-eduwood-started","status":"publish","type":"post","link":"https:\/\/fatahungary.hu\/en\/2021\/05\/03\/the-hungarian-austrian-cross-border-cooperation-programme-eduwood-started\/","title":{"rendered":"The hungarian-austrian cross-border cooperation programme &#8220;Eduwood&#8221; started"},"content":{"rendered":"\n<p>The &#8220;EDUWOOD&#8221; Hungarian-Austrian cross-border cooperation programme was launched in May 2021. The main task of the project, which is being implemented within the framework of the Interreg V-A Austria-Hungary programme with the support of the European Regional Development Fund (ERDF), is the practice-oriented, project-based development of woodworking and furniture education on both sides of the border.<\/p>\n\n<p>The idea behind the project was motivated by the need to better connect between education and the labour market. In both countries, the lack of motivation of students in the field of woodwork and furniture education, drop-outs or delays in completing (graduate) training can be observed. In the experience of professionals, education is not sufficiently practice-oriented and project-based, and the number of practitioners involved is still low. On both sides of the border, the challenge for educational institutions is to nurture talent and develop competences in line with industry needs. Practice-oriented, long-term, educational cooperation between enterprises and educational institutions works well within the two countries (dual training), but there is no established system for cross-border cooperation, so concrete, long-term cooperation agreements are needed in the field of wood architecture and furniture between enterprises and schools, linking the two sides of the border.    <\/p>\n\n<p><br\/>The overall coordination of the project will be carried out by the Sopron Wood Science Foundation (FATA) in partnership with the Institut f\u00fcr Innovations- und Trendforschung (IITF) in Graz and the secondary and higher education institutions, but the project objectives can only be achieved if as many students, teachers and enterprises as possible are involved.<\/p>\n\n<p>&#8220;In addition to the implementation of MOOC courses, we plan to create a common online learning platform for skill sharing, building community and increasing student motivation by making learning an experience for them,&#8221; said Pakain\u00e9 dr. Kov\u00e1ts Judit, adding that online education is now in the spotlight due to the epidemic situation, but there is still a growing demand for the use of online tools in the education of the younger generation. <\/p>\n\n<p>The online platform will be used to build a cross-border community of students, teachers and related industry players who will impart some knowledge to their peers, mainly through video sharing, but it will also be possible to share educational material in other formats on different topics, in specific categories of woodworking and furniture industry. For primary school pupils, career guidance will be provided through workshops, job fairs and summer camps. <\/p>\n","protected":false},"excerpt":{"rendered":"<p>The &#8220;EDUWOOD&#8221; Hungarian-Austrian cross-border cooperation programme was launched in May 2021. The&#8230;<\/p>\n","protected":false},"author":1,"featured_media":144,"comment_status":"open","ping_status":"open","sticky":false,"template":"","format":"standard","meta":{"inline_featured_image":false,"footnotes":""},"categories":[7],"tags":[],"class_list":["post-68","post","type-post","status-publish","format-standard","has-post-thumbnail","hentry","category-uncategorized"],"yoast_head":"<!-- This site is optimized with the Yoast SEO plugin v24.7 - https:\/\/yoast.com\/wordpress\/plugins\/seo\/ -->\n<title>The hungarian-austrian cross-border cooperation programme &quot;Eduwood&quot; started - Faipari Tudom\u00e1nyos Alap\u00edtv\u00e1ny<\/title>\n<meta name=\"robots\" content=\"index, follow, max-snippet:-1, max-image-preview:large, max-video-preview:-1\" \/>\n<link rel=\"canonical\" href=\"https:\/\/fatahungary.hu\/en\/2021\/05\/03\/the-hungarian-austrian-cross-border-cooperation-programme-eduwood-started\/\" \/>\n<meta property=\"og:locale\" content=\"en_US\" \/>\n<meta property=\"og:type\" content=\"article\" \/>\n<meta property=\"og:title\" content=\"The hungarian-austrian cross-border cooperation programme &quot;Eduwood&quot; started - Faipari Tudom\u00e1nyos Alap\u00edtv\u00e1ny\" \/>\n<meta property=\"og:description\" content=\"The &#8220;EDUWOOD&#8221; Hungarian-Austrian cross-border cooperation programme was launched in May 2021. The...\" \/>\n<meta property=\"og:url\" content=\"https:\/\/fatahungary.hu\/en\/2021\/05\/03\/the-hungarian-austrian-cross-border-cooperation-programme-eduwood-started\/\" \/>\n<meta property=\"og:site_name\" content=\"Faipari Tudom\u00e1nyos Alap\u00edtv\u00e1ny\" \/>\n<meta property=\"article:published_time\" content=\"2021-05-03T09:30:00+00:00\" \/>\n<meta property=\"article:modified_time\" content=\"2023-03-13T08:41:39+00:00\" \/>\n<meta property=\"og:image\" content=\"https:\/\/fatahungary.hu\/wp-content\/uploads\/2021\/05\/eduwood_2.jpg\" \/>\n\t<meta property=\"og:image:width\" content=\"1920\" \/>\n\t<meta property=\"og:image:height\" content=\"1080\" \/>\n\t<meta property=\"og:image:type\" content=\"image\/jpeg\" \/>\n<meta name=\"author\" content=\"fata\" \/>\n<meta name=\"twitter:card\" content=\"summary_large_image\" \/>\n<meta name=\"twitter:label1\" content=\"Written by\" \/>\n\t<meta name=\"twitter:data1\" content=\"fata\" \/>\n\t<meta name=\"twitter:label2\" content=\"Est. reading time\" \/>\n\t<meta name=\"twitter:data2\" content=\"2 minutes\" \/>\n<script type=\"application\/ld+json\" class=\"yoast-schema-graph\">{\"@context\":\"https:\/\/schema.org\",\"@graph\":[{\"@type\":\"Article\",\"@id\":\"https:\/\/fatahungary.hu\/en\/2021\/05\/03\/the-hungarian-austrian-cross-border-cooperation-programme-eduwood-started\/#article\",\"isPartOf\":{\"@id\":\"https:\/\/fatahungary.hu\/en\/2021\/05\/03\/the-hungarian-austrian-cross-border-cooperation-programme-eduwood-started\/\"},\"author\":{\"name\":\"fata\",\"@id\":\"https:\/\/fatahungary.hu\/#\/schema\/person\/64385f82897d7e589b91eb96a64ca903\"},\"headline\":\"The hungarian-austrian cross-border cooperation programme &#8220;Eduwood&#8221; started\",\"datePublished\":\"2021-05-03T09:30:00+00:00\",\"dateModified\":\"2023-03-13T08:41:39+00:00\",\"mainEntityOfPage\":{\"@id\":\"https:\/\/fatahungary.hu\/en\/2021\/05\/03\/the-hungarian-austrian-cross-border-cooperation-programme-eduwood-started\/\"},\"wordCount\":403,\"commentCount\":0,\"publisher\":{\"@id\":\"https:\/\/fatahungary.hu\/#organization\"},\"image\":{\"@id\":\"https:\/\/fatahungary.hu\/en\/2021\/05\/03\/the-hungarian-austrian-cross-border-cooperation-programme-eduwood-started\/#primaryimage\"},\"thumbnailUrl\":\"https:\/\/fatahungary.hu\/wp-content\/uploads\/2021\/05\/eduwood_2.jpg\",\"inLanguage\":\"en-US\",\"potentialAction\":[{\"@type\":\"CommentAction\",\"name\":\"Comment\",\"target\":[\"https:\/\/fatahungary.hu\/en\/2021\/05\/03\/the-hungarian-austrian-cross-border-cooperation-programme-eduwood-started\/#respond\"]}]},{\"@type\":\"WebPage\",\"@id\":\"https:\/\/fatahungary.hu\/en\/2021\/05\/03\/the-hungarian-austrian-cross-border-cooperation-programme-eduwood-started\/\",\"url\":\"https:\/\/fatahungary.hu\/en\/2021\/05\/03\/the-hungarian-austrian-cross-border-cooperation-programme-eduwood-started\/\",\"name\":\"The hungarian-austrian cross-border cooperation programme \\\"Eduwood\\\" started - Faipari Tudom\u00e1nyos Alap\u00edtv\u00e1ny\",\"isPartOf\":{\"@id\":\"https:\/\/fatahungary.hu\/#website\"},\"primaryImageOfPage\":{\"@id\":\"https:\/\/fatahungary.hu\/en\/2021\/05\/03\/the-hungarian-austrian-cross-border-cooperation-programme-eduwood-started\/#primaryimage\"},\"image\":{\"@id\":\"https:\/\/fatahungary.hu\/en\/2021\/05\/03\/the-hungarian-austrian-cross-border-cooperation-programme-eduwood-started\/#primaryimage\"},\"thumbnailUrl\":\"https:\/\/fatahungary.hu\/wp-content\/uploads\/2021\/05\/eduwood_2.jpg\",\"datePublished\":\"2021-05-03T09:30:00+00:00\",\"dateModified\":\"2023-03-13T08:41:39+00:00\",\"breadcrumb\":{\"@id\":\"https:\/\/fatahungary.hu\/en\/2021\/05\/03\/the-hungarian-austrian-cross-border-cooperation-programme-eduwood-started\/#breadcrumb\"},\"inLanguage\":\"en-US\",\"potentialAction\":[{\"@type\":\"ReadAction\",\"target\":[\"https:\/\/fatahungary.hu\/en\/2021\/05\/03\/the-hungarian-austrian-cross-border-cooperation-programme-eduwood-started\/\"]}]},{\"@type\":\"ImageObject\",\"inLanguage\":\"en-US\",\"@id\":\"https:\/\/fatahungary.hu\/en\/2021\/05\/03\/the-hungarian-austrian-cross-border-cooperation-programme-eduwood-started\/#primaryimage\",\"url\":\"https:\/\/fatahungary.hu\/wp-content\/uploads\/2021\/05\/eduwood_2.jpg\",\"contentUrl\":\"https:\/\/fatahungary.hu\/wp-content\/uploads\/2021\/05\/eduwood_2.jpg\",\"width\":1920,\"height\":1080},{\"@type\":\"BreadcrumbList\",\"@id\":\"https:\/\/fatahungary.hu\/en\/2021\/05\/03\/the-hungarian-austrian-cross-border-cooperation-programme-eduwood-started\/#breadcrumb\",\"itemListElement\":[{\"@type\":\"ListItem\",\"position\":1,\"name\":\"Kezd\u0151lap\",\"item\":\"https:\/\/fatahungary.hu\/en\/\"},{\"@type\":\"ListItem\",\"position\":2,\"name\":\"The hungarian-austrian cross-border cooperation programme &#8220;Eduwood&#8221; started\"}]},{\"@type\":\"WebSite\",\"@id\":\"https:\/\/fatahungary.hu\/#website\",\"url\":\"https:\/\/fatahungary.hu\/\",\"name\":\"Faipari Tudom\u00e1nyos Alap\u00edtv\u00e1ny\",\"description\":\"\",\"publisher\":{\"@id\":\"https:\/\/fatahungary.hu\/#organization\"},\"alternateName\":\"FATA\",\"potentialAction\":[{\"@type\":\"SearchAction\",\"target\":{\"@type\":\"EntryPoint\",\"urlTemplate\":\"https:\/\/fatahungary.hu\/?s={search_term_string}\"},\"query-input\":{\"@type\":\"PropertyValueSpecification\",\"valueRequired\":true,\"valueName\":\"search_term_string\"}}],\"inLanguage\":\"en-US\"},{\"@type\":\"Organization\",\"@id\":\"https:\/\/fatahungary.hu\/#organization\",\"name\":\"Faipari Tudom\u00e1nyos Alap\u00edtv\u00e1ny\",\"alternateName\":\"FATA\",\"url\":\"https:\/\/fatahungary.hu\/\",\"logo\":{\"@type\":\"ImageObject\",\"inLanguage\":\"en-US\",\"@id\":\"https:\/\/fatahungary.hu\/#\/schema\/logo\/image\/\",\"url\":\"https:\/\/fatahungary.hu\/wp-content\/uploads\/2023\/02\/fata_logo_color-1.svg\",\"contentUrl\":\"https:\/\/fatahungary.hu\/wp-content\/uploads\/2023\/02\/fata_logo_color-1.svg\",\"caption\":\"Faipari Tudom\u00e1nyos Alap\u00edtv\u00e1ny\"},\"image\":{\"@id\":\"https:\/\/fatahungary.hu\/#\/schema\/logo\/image\/\"}},{\"@type\":\"Person\",\"@id\":\"https:\/\/fatahungary.hu\/#\/schema\/person\/64385f82897d7e589b91eb96a64ca903\",\"name\":\"fata\",\"image\":{\"@type\":\"ImageObject\",\"inLanguage\":\"en-US\",\"@id\":\"https:\/\/fatahungary.hu\/#\/schema\/person\/image\/\",\"url\":\"https:\/\/secure.gravatar.com\/avatar\/afd8ff081e23b0174940396500207663504fff1836132f57cdedbb878ae28946?s=96&d=mm&r=g\",\"contentUrl\":\"https:\/\/secure.gravatar.com\/avatar\/afd8ff081e23b0174940396500207663504fff1836132f57cdedbb878ae28946?s=96&d=mm&r=g\",\"caption\":\"fata\"},\"sameAs\":[\"https:\/\/fatahungary.hu\"],\"url\":\"https:\/\/fatahungary.hu\/en\/author\/fata\/\"}]}<\/script>\n<!-- \/ Yoast SEO plugin. -->","yoast_head_json":{"title":"The hungarian-austrian cross-border cooperation programme \"Eduwood\" started - Faipari Tudom\u00e1nyos Alap\u00edtv\u00e1ny","robots":{"index":"index","follow":"follow","max-snippet":"max-snippet:-1","max-image-preview":"max-image-preview:large","max-video-preview":"max-video-preview:-1"},"canonical":"https:\/\/fatahungary.hu\/en\/2021\/05\/03\/the-hungarian-austrian-cross-border-cooperation-programme-eduwood-started\/","og_locale":"en_US","og_type":"article","og_title":"The hungarian-austrian cross-border cooperation programme \"Eduwood\" started - Faipari Tudom\u00e1nyos Alap\u00edtv\u00e1ny","og_description":"The &#8220;EDUWOOD&#8221; Hungarian-Austrian cross-border cooperation programme was launched in May 2021. The...","og_url":"https:\/\/fatahungary.hu\/en\/2021\/05\/03\/the-hungarian-austrian-cross-border-cooperation-programme-eduwood-started\/","og_site_name":"Faipari Tudom\u00e1nyos Alap\u00edtv\u00e1ny","article_published_time":"2021-05-03T09:30:00+00:00","article_modified_time":"2023-03-13T08:41:39+00:00","og_image":[{"width":1920,"height":1080,"url":"https:\/\/fatahungary.hu\/wp-content\/uploads\/2021\/05\/eduwood_2.jpg","type":"image\/jpeg"}],"author":"fata","twitter_card":"summary_large_image","twitter_misc":{"Written by":"fata","Est. reading time":"2 minutes"},"schema":{"@context":"https:\/\/schema.org","@graph":[{"@type":"Article","@id":"https:\/\/fatahungary.hu\/en\/2021\/05\/03\/the-hungarian-austrian-cross-border-cooperation-programme-eduwood-started\/#article","isPartOf":{"@id":"https:\/\/fatahungary.hu\/en\/2021\/05\/03\/the-hungarian-austrian-cross-border-cooperation-programme-eduwood-started\/"},"author":{"name":"fata","@id":"https:\/\/fatahungary.hu\/#\/schema\/person\/64385f82897d7e589b91eb96a64ca903"},"headline":"The hungarian-austrian cross-border cooperation programme &#8220;Eduwood&#8221; started","datePublished":"2021-05-03T09:30:00+00:00","dateModified":"2023-03-13T08:41:39+00:00","mainEntityOfPage":{"@id":"https:\/\/fatahungary.hu\/en\/2021\/05\/03\/the-hungarian-austrian-cross-border-cooperation-programme-eduwood-started\/"},"wordCount":403,"commentCount":0,"publisher":{"@id":"https:\/\/fatahungary.hu\/#organization"},"image":{"@id":"https:\/\/fatahungary.hu\/en\/2021\/05\/03\/the-hungarian-austrian-cross-border-cooperation-programme-eduwood-started\/#primaryimage"},"thumbnailUrl":"https:\/\/fatahungary.hu\/wp-content\/uploads\/2021\/05\/eduwood_2.jpg","inLanguage":"en-US","potentialAction":[{"@type":"CommentAction","name":"Comment","target":["https:\/\/fatahungary.hu\/en\/2021\/05\/03\/the-hungarian-austrian-cross-border-cooperation-programme-eduwood-started\/#respond"]}]},{"@type":"WebPage","@id":"https:\/\/fatahungary.hu\/en\/2021\/05\/03\/the-hungarian-austrian-cross-border-cooperation-programme-eduwood-started\/","url":"https:\/\/fatahungary.hu\/en\/2021\/05\/03\/the-hungarian-austrian-cross-border-cooperation-programme-eduwood-started\/","name":"The hungarian-austrian cross-border cooperation programme \"Eduwood\" started - Faipari Tudom\u00e1nyos Alap\u00edtv\u00e1ny","isPartOf":{"@id":"https:\/\/fatahungary.hu\/#website"},"primaryImageOfPage":{"@id":"https:\/\/fatahungary.hu\/en\/2021\/05\/03\/the-hungarian-austrian-cross-border-cooperation-programme-eduwood-started\/#primaryimage"},"image":{"@id":"https:\/\/fatahungary.hu\/en\/2021\/05\/03\/the-hungarian-austrian-cross-border-cooperation-programme-eduwood-started\/#primaryimage"},"thumbnailUrl":"https:\/\/fatahungary.hu\/wp-content\/uploads\/2021\/05\/eduwood_2.jpg","datePublished":"2021-05-03T09:30:00+00:00","dateModified":"2023-03-13T08:41:39+00:00","breadcrumb":{"@id":"https:\/\/fatahungary.hu\/en\/2021\/05\/03\/the-hungarian-austrian-cross-border-cooperation-programme-eduwood-started\/#breadcrumb"},"inLanguage":"en-US","potentialAction":[{"@type":"ReadAction","target":["https:\/\/fatahungary.hu\/en\/2021\/05\/03\/the-hungarian-austrian-cross-border-cooperation-programme-eduwood-started\/"]}]},{"@type":"ImageObject","inLanguage":"en-US","@id":"https:\/\/fatahungary.hu\/en\/2021\/05\/03\/the-hungarian-austrian-cross-border-cooperation-programme-eduwood-started\/#primaryimage","url":"https:\/\/fatahungary.hu\/wp-content\/uploads\/2021\/05\/eduwood_2.jpg","contentUrl":"https:\/\/fatahungary.hu\/wp-content\/uploads\/2021\/05\/eduwood_2.jpg","width":1920,"height":1080},{"@type":"BreadcrumbList","@id":"https:\/\/fatahungary.hu\/en\/2021\/05\/03\/the-hungarian-austrian-cross-border-cooperation-programme-eduwood-started\/#breadcrumb","itemListElement":[{"@type":"ListItem","position":1,"name":"Kezd\u0151lap","item":"https:\/\/fatahungary.hu\/en\/"},{"@type":"ListItem","position":2,"name":"The hungarian-austrian cross-border cooperation programme &#8220;Eduwood&#8221; started"}]},{"@type":"WebSite","@id":"https:\/\/fatahungary.hu\/#website","url":"https:\/\/fatahungary.hu\/","name":"Faipari Tudom\u00e1nyos Alap\u00edtv\u00e1ny","description":"","publisher":{"@id":"https:\/\/fatahungary.hu\/#organization"},"alternateName":"FATA","potentialAction":[{"@type":"SearchAction","target":{"@type":"EntryPoint","urlTemplate":"https:\/\/fatahungary.hu\/?s={search_term_string}"},"query-input":{"@type":"PropertyValueSpecification","valueRequired":true,"valueName":"search_term_string"}}],"inLanguage":"en-US"},{"@type":"Organization","@id":"https:\/\/fatahungary.hu\/#organization","name":"Faipari Tudom\u00e1nyos Alap\u00edtv\u00e1ny","alternateName":"FATA","url":"https:\/\/fatahungary.hu\/","logo":{"@type":"ImageObject","inLanguage":"en-US","@id":"https:\/\/fatahungary.hu\/#\/schema\/logo\/image\/","url":"https:\/\/fatahungary.hu\/wp-content\/uploads\/2023\/02\/fata_logo_color-1.svg","contentUrl":"https:\/\/fatahungary.hu\/wp-content\/uploads\/2023\/02\/fata_logo_color-1.svg","caption":"Faipari Tudom\u00e1nyos Alap\u00edtv\u00e1ny"},"image":{"@id":"https:\/\/fatahungary.hu\/#\/schema\/logo\/image\/"}},{"@type":"Person","@id":"https:\/\/fatahungary.hu\/#\/schema\/person\/64385f82897d7e589b91eb96a64ca903","name":"fata","image":{"@type":"ImageObject","inLanguage":"en-US","@id":"https:\/\/fatahungary.hu\/#\/schema\/person\/image\/","url":"https:\/\/secure.gravatar.com\/avatar\/afd8ff081e23b0174940396500207663504fff1836132f57cdedbb878ae28946?s=96&d=mm&r=g","contentUrl":"https:\/\/secure.gravatar.com\/avatar\/afd8ff081e23b0174940396500207663504fff1836132f57cdedbb878ae28946?s=96&d=mm&r=g","caption":"fata"},"sameAs":["https:\/\/fatahungary.hu"],"url":"https:\/\/fatahungary.hu\/en\/author\/fata\/"}]}},"_links":{"self":[{"href":"https:\/\/fatahungary.hu\/en\/wp-json\/wp\/v2\/posts\/68","targetHints":{"allow":["GET"]}}],"collection":[{"href":"https:\/\/fatahungary.hu\/en\/wp-json\/wp\/v2\/posts"}],"about":[{"href":"https:\/\/fatahungary.hu\/en\/wp-json\/wp\/v2\/types\/post"}],"author":[{"embeddable":true,"href":"https:\/\/fatahungary.hu\/en\/wp-json\/wp\/v2\/users\/1"}],"replies":[{"embeddable":true,"href":"https:\/\/fatahungary.hu\/en\/wp-json\/wp\/v2\/comments?post=68"}],"version-history":[{"count":7,"href":"https:\/\/fatahungary.hu\/en\/wp-json\/wp\/v2\/posts\/68\/revisions"}],"predecessor-version":[{"id":152,"href":"https:\/\/fatahungary.hu\/en\/wp-json\/wp\/v2\/posts\/68\/revisions\/152"}],"wp:featuredmedia":[{"embeddable":true,"href":"https:\/\/fatahungary.hu\/en\/wp-json\/wp\/v2\/media\/144"}],"wp:attachment":[{"href":"https:\/\/fatahungary.hu\/en\/wp-json\/wp\/v2\/media?parent=68"}],"wp:term":[{"taxonomy":"category","embeddable":true,"href":"https:\/\/fatahungary.hu\/en\/wp-json\/wp\/v2\/categories?post=68"},{"taxonomy":"post_tag","embeddable":true,"href":"https:\/\/fatahungary.hu\/en\/wp-json\/wp\/v2\/tags?post=68"}],"curies":[{"name":"wp","href":"https:\/\/api.w.org\/{rel}","templated":true}]}}